{"id":1423,"date":"2013-01-01T21:54:49","date_gmt":"2013-01-01T20:54:49","guid":{"rendered":"http:\/\/flora-emslandia.de\/wildpflanzen-blog\/?p=1423"},"modified":"2015-07-30T13:27:36","modified_gmt":"2015-07-30T11:27:36","slug":"frohes-neues-jahr-und-neues-objektiv","status":"publish","type":"post","link":"http:\/\/flora-emslandia.de\/wildpflanzen-blog\/2013\/01\/01\/frohes-neues-jahr-und-neues-objektiv\/","title":{"rendered":"Frohes neues Jahr und neues Objektiv"},"content":{"rendered":"<p>Gestern am Silvestertag wartete es in der Packstation auf mich \u2013 das neue Makroobjektiv. Nat\u00fcrlich war ich gespannt und holte es noch vor der Arbeit ab, testen konnte ich es dann aber aus Zeitmangel nicht mehr. Heute am Neujahrstag h\u00e4tte ich viel Zeit gehabt, nur spielte das Wetter leider nicht mit, so dass ich es nur mit Blitz in der Wohnung ausprobieren konnte.<!--more--><\/p>\n<p><script async src=\"\/\/pagead2.googlesyndication.com\/pagead\/js\/adsbygoogle.js\"><\/script><br \/>\n<!-- 1blog1.2 --><br \/>\n<ins class=\"adsbygoogle\"\n     style=\"display:inline-block;width:640px;height:90px\"\n     data-ad-client=\"ca-pub-5111369003353249\"\n     data-ad-slot=\"1908720896\"><\/ins><br \/>\n<script>\n(adsbygoogle = window.adsbygoogle || []).push({});\n<\/script><\/p>\n<p>Das Makro ist von Canon und besitzt eine Festbrennweite von 60 mm. Der Mindestabstand zum Objekt betr\u00e4gt ca. 10 cm, so dass ein Schattenwurf in den meisten F\u00e4llen vermieden werden kann. Der Abbildungsma\u00dfstab ist 1:1 \u2013 im Test konnte damit eine 1-Cent-M\u00fcnze formatf\u00fcllend abgebildet werden.<\/p>\n<p>Durch die hohe Pixeldichte der Kamera kann man nachtr\u00e4glich am PC Ausschnittsvergr\u00f6\u00dferungen herstellen, die auf dem Monitor immer noch gestochen scharf angezeigt werden. Hierzu ein paar Beispiele:<\/p>\n<div id=\"attachment_1424\" style=\"width: 650px\" class=\"wp-caption alignleft\"><a href=\"http:\/\/flora-emslandia.de\/wildpflanzen-blog\/2013\/01\/01\/frohes-neues-jahr-und-neues-objektiv\/bleistift\/\" rel=\"attachment wp-att-1424\"><img loading=\"lazy\" decoding=\"async\" aria-describedby=\"caption-attachment-1424\" class=\"size-full wp-image-1424\" alt=\"Bleistiftende (der Teil mit dem Radiergummi)\" src=\"http:\/\/flora-emslandia.de\/wildpflanzen-blog\/wp-content\/uploads\/2013\/01\/bleistift.jpg\" width=\"640\" height=\"428\" srcset=\"http:\/\/flora-emslandia.de\/wildpflanzen-blog\/wp-content\/uploads\/2013\/01\/bleistift.jpg 640w, http:\/\/flora-emslandia.de\/wildpflanzen-blog\/wp-content\/uploads\/2013\/01\/bleistift-300x200.jpg 300w\" sizes=\"auto, (max-width: 640px) 100vw, 640px\" \/><\/a><p id=\"caption-attachment-1424\" class=\"wp-caption-text\">Bleistiftende (der Teil mit dem Radiergummi)<\/p><\/div>\n<div id=\"attachment_1426\" style=\"width: 650px\" class=\"wp-caption alignleft\"><a href=\"http:\/\/flora-emslandia.de\/wildpflanzen-blog\/2013\/01\/01\/frohes-neues-jahr-und-neues-objektiv\/feuerzeug\/\" rel=\"attachment wp-att-1426\"><img loading=\"lazy\" decoding=\"async\" aria-describedby=\"caption-attachment-1426\" class=\"size-full wp-image-1426\" alt=\"R\u00e4dchen am Feuerzeug\" src=\"http:\/\/flora-emslandia.de\/wildpflanzen-blog\/wp-content\/uploads\/2013\/01\/Feuerzeug.jpg\" width=\"640\" height=\"459\" srcset=\"http:\/\/flora-emslandia.de\/wildpflanzen-blog\/wp-content\/uploads\/2013\/01\/Feuerzeug.jpg 640w, http:\/\/flora-emslandia.de\/wildpflanzen-blog\/wp-content\/uploads\/2013\/01\/Feuerzeug-300x215.jpg 300w\" sizes=\"auto, (max-width: 640px) 100vw, 640px\" \/><\/a><p id=\"caption-attachment-1426\" class=\"wp-caption-text\">R\u00e4dchen am Feuerzeug<\/p><\/div>\n<div id=\"attachment_1427\" style=\"width: 650px\" class=\"wp-caption alignleft\"><a href=\"http:\/\/flora-emslandia.de\/wildpflanzen-blog\/2013\/01\/01\/frohes-neues-jahr-und-neues-objektiv\/centmuenze\/\" rel=\"attachment wp-att-1427\"><img loading=\"lazy\" decoding=\"async\" aria-describedby=\"caption-attachment-1427\" class=\"size-full wp-image-1427\" alt=\"Pr\u00e4gung auf einer 1-Cent-M\u00fcnze\" src=\"http:\/\/flora-emslandia.de\/wildpflanzen-blog\/wp-content\/uploads\/2013\/01\/centmuenze.jpg\" width=\"640\" height=\"353\" srcset=\"http:\/\/flora-emslandia.de\/wildpflanzen-blog\/wp-content\/uploads\/2013\/01\/centmuenze.jpg 640w, http:\/\/flora-emslandia.de\/wildpflanzen-blog\/wp-content\/uploads\/2013\/01\/centmuenze-300x165.jpg 300w\" sizes=\"auto, (max-width: 640px) 100vw, 640px\" \/><\/a><p id=\"caption-attachment-1427\" class=\"wp-caption-text\">Pr\u00e4gung auf einer 1-Cent-M\u00fcnze<\/p><\/div>\n<p>&nbsp;<\/p>\n<p>Nat\u00fcrlich m\u00fcssen sich Objektiv und Kamera noch im Gel\u00e4nde beweisen \u2013 sobald das Wetter mitspielt, werde ich die entsprechenden Fotos nachliefern.<\/p>\n<p>Ein frohes, gl\u00fcckliches und erfolgreiches neues Jahr w\u00fcnscht euch<br \/>\nDavid<\/p>\n<p><script async src=\"\/\/pagead2.googlesyndication.com\/pagead\/js\/adsbygoogle.js\"><\/script><br \/>\n<!-- 1blog1.2 --><br \/>\n<ins class=\"adsbygoogle\"\n     style=\"display:inline-block;width:640px;height:90px\"\n     data-ad-client=\"ca-pub-5111369003353249\"\n     data-ad-slot=\"1908720896\"><\/ins><br \/>\n<script>\n(adsbygoogle = window.adsbygoogle || []).push({});\n<\/script><\/p>\n","protected":false},"excerpt":{"rendered":"<p>Gestern am Silvestertag wartete es in der Packstation auf mich \u2013 das neue Makroobjektiv. Nat\u00fcrlich war ich gespannt und holte es noch vor der Arbeit ab, testen konnte ich es dann aber aus Zeitmangel nicht mehr. Heute am Neujahrstag h\u00e4tte &hellip; <a href=\"http:\/\/flora-emslandia.de\/wildpflanzen-blog\/2013\/01\/01\/frohes-neues-jahr-und-neues-objektiv\/\">Weiterlesen <span class=\"meta-nav\">&rarr;<\/span><\/a><\/p>\n","protected":false},"author":3,"featured_media":0,"comment_status":"open","ping_status":"closed","sticky":false,"template":"","format":"standard","meta":{"footnotes":""},"categories":[1],"tags":[],"class_list":["post-1423","post","type-post","status-publish","format-standard","hentry","category-allgemein"],"_links":{"self":[{"href":"http:\/\/flora-emslandia.de\/wildpflanzen-blog\/wp-json\/wp\/v2\/posts\/1423","targetHints":{"allow":["GET"]}}],"collection":[{"href":"http:\/\/flora-emslandia.de\/wildpflanzen-blog\/wp-json\/wp\/v2\/posts"}],"about":[{"href":"http:\/\/flora-emslandia.de\/wildpflanzen-blog\/wp-json\/wp\/v2\/types\/post"}],"author":[{"embeddable":true,"href":"http:\/\/flora-emslandia.de\/wildpflanzen-blog\/wp-json\/wp\/v2\/users\/3"}],"replies":[{"embeddable":true,"href":"http:\/\/flora-emslandia.de\/wildpflanzen-blog\/wp-json\/wp\/v2\/comments?post=1423"}],"version-history":[{"count":13,"href":"http:\/\/flora-emslandia.de\/wildpflanzen-blog\/wp-json\/wp\/v2\/posts\/1423\/revisions"}],"predecessor-version":[{"id":2085,"href":"http:\/\/flora-emslandia.de\/wildpflanzen-blog\/wp-json\/wp\/v2\/posts\/1423\/revisions\/2085"}],"wp:attachment":[{"href":"http:\/\/flora-emslandia.de\/wildpflanzen-blog\/wp-json\/wp\/v2\/media?parent=1423"}],"wp:term":[{"taxonomy":"category","embeddable":true,"href":"http:\/\/flora-emslandia.de\/wildpflanzen-blog\/wp-json\/wp\/v2\/categories?post=1423"},{"taxonomy":"post_tag","embeddable":true,"href":"http:\/\/flora-emslandia.de\/wildpflanzen-blog\/wp-json\/wp\/v2\/tags?post=1423"}],"curies":[{"name":"wp","href":"https:\/\/api.w.org\/{rel}","templated":true}]}}