{"id":1504,"date":"2013-02-13T22:27:21","date_gmt":"2013-02-13T21:27:21","guid":{"rendered":"http:\/\/flora-emslandia.de\/wildpflanzen-blog\/?p=1504"},"modified":"2015-07-30T13:26:00","modified_gmt":"2015-07-30T11:26:00","slug":"am-14-februar-ist-walddienstag","status":"publish","type":"post","link":"http:\/\/flora-emslandia.de\/wildpflanzen-blog\/2013\/02\/13\/am-14-februar-ist-walddienstag\/","title":{"rendered":"Am 14. Februar ist Walddienstag"},"content":{"rendered":"<p>Lange ist es her, ich war ein kleiner Knirps von vielleicht zwei Jahren und guckte mal gerade so eben oben und unten aus der W\u00e4sche, als ich von einem geheimnisvollen Feiertag erfuhr: den Walddienstag! Nat\u00fcrlich assoziierte ich den Festtag sofort mit einem Waldspaziergang, wo Papa und Mama mich bei der Hand nehmen, in die Luft schwingen, herumwirbeln, und andere spa\u00dfige Sachen machen, doch habe ich mich damals wohl einfach nur ein bisschen verh\u00f6rt.<!--more--><\/p>\n<p><script async src=\"\/\/pagead2.googlesyndication.com\/pagead\/js\/adsbygoogle.js\"><\/script><br \/>\n<!-- 1blog1.2 --><br \/>\n<ins class=\"adsbygoogle\"\n     style=\"display:inline-block;width:640px;height:90px\"\n     data-ad-client=\"ca-pub-5111369003353249\"\n     data-ad-slot=\"1908720896\"><\/ins><br \/>\n<script>\n(adsbygoogle = window.adsbygoogle || []).push({});\n<\/script><\/p>\n<p>Zwar ging es an diesem Tag scheinbar um Pflanzen, doch mit einer Exkursion in den Wald hatte er nun wirklich \u00fcberhaupt nichts zu tun. Papa musste arbeiten, Mama hackte lautstark klackernd auf einer Schreibmaschine herum, und ich sa\u00df im Laufstall, r\u00fcttelte an den Gitterst\u00e4ben und war am schreien \u2013 wo war da der Wald?<\/p>\n<p>Dieses Jahr f\u00e4llt der Walddienstag auf einen Donnerstag. Wie ihr bestimmt schon ahnt, handelt es sich um den Valentinstag, den Tag der Liebenden oder besser gesagt den Tag der Blumengesch\u00e4fte, was uns aber nicht davon abhalten sollte, an diesem Tag den Wald zu erkunden.<\/p>\n<p>Daf\u00fcr m\u00f6chte ich euch noch ein paar Bilder von Winterknospen nachliefern, die ich am letzten Sonntag fotografiert habe:<\/p>\n<p><a href=\"http:\/\/flora-emslandia.de\/wildpflanzen-blog\/wp-content\/uploads\/2013\/02\/Winterknospen2.jpg\"><img loading=\"lazy\" decoding=\"async\" src=\"http:\/\/flora-emslandia.de\/wildpflanzen-blog\/wp-content\/uploads\/2013\/02\/Winterknospen2.jpg\" alt=\"Winterknospen2\" width=\"640\" height=\"640\" class=\"alignleft size-full wp-image-1505\" srcset=\"http:\/\/flora-emslandia.de\/wildpflanzen-blog\/wp-content\/uploads\/2013\/02\/Winterknospen2.jpg 640w, http:\/\/flora-emslandia.de\/wildpflanzen-blog\/wp-content\/uploads\/2013\/02\/Winterknospen2-150x150.jpg 150w, http:\/\/flora-emslandia.de\/wildpflanzen-blog\/wp-content\/uploads\/2013\/02\/Winterknospen2-300x300.jpg 300w\" sizes=\"auto, (max-width: 640px) 100vw, 640px\" \/><\/a><\/p>\n<p>Oben links ist die Knospe eines Baumes zu sehen, den man bereits an seiner wei\u00dfen Borke erkennen kann \u2013 die Birke. Rechts daneben sieht man die der Gew\u00f6hnlichen Traubenkirsche. Die Winterknospen der Buche (links) und die der zu den Birkengew\u00e4chsen z\u00e4hlenden Hainbuche (rechts) sind sich etwas \u00e4hnlich, auch die Bl\u00e4tter lassen sich leicht miteinander verwechseln.<\/p>\n<p>Ob mit oder ohne Wald w\u00fcnsche ich einen frohen Valentinstag im Kreise eurer Liebsten.<\/p>\n<p><script async src=\"\/\/pagead2.googlesyndication.com\/pagead\/js\/adsbygoogle.js\"><\/script><br \/>\n<!-- 1blog1.2 --><br \/>\n<ins class=\"adsbygoogle\"\n     style=\"display:inline-block;width:640px;height:90px\"\n     data-ad-client=\"ca-pub-5111369003353249\"\n     data-ad-slot=\"1908720896\"><\/ins><br \/>\n<script>\n(adsbygoogle = window.adsbygoogle || []).push({});\n<\/script><\/p>\n","protected":false},"excerpt":{"rendered":"<p>Lange ist es her, ich war ein kleiner Knirps von vielleicht zwei Jahren und guckte mal gerade so eben oben und unten aus der W\u00e4sche, als ich von einem geheimnisvollen Feiertag erfuhr: den Walddienstag! Nat\u00fcrlich assoziierte ich den Festtag sofort &hellip; <a href=\"http:\/\/flora-emslandia.de\/wildpflanzen-blog\/2013\/02\/13\/am-14-februar-ist-walddienstag\/\">Weiterlesen <span class=\"meta-nav\">&rarr;<\/span><\/a><\/p>\n","protected":false},"author":3,"featured_media":0,"comment_status":"open","ping_status":"closed","sticky":false,"template":"","format":"standard","meta":{"footnotes":""},"categories":[9],"tags":[17,18,16],"class_list":["post-1504","post","type-post","status-publish","format-standard","hentry","category-wildpflanzen","tag-valentinstag","tag-wald","tag-winterknospen"],"_links":{"self":[{"href":"http:\/\/flora-emslandia.de\/wildpflanzen-blog\/wp-json\/wp\/v2\/posts\/1504","targetHints":{"allow":["GET"]}}],"collection":[{"href":"http:\/\/flora-emslandia.de\/wildpflanzen-blog\/wp-json\/wp\/v2\/posts"}],"about":[{"href":"http:\/\/flora-emslandia.de\/wildpflanzen-blog\/wp-json\/wp\/v2\/types\/post"}],"author":[{"embeddable":true,"href":"http:\/\/flora-emslandia.de\/wildpflanzen-blog\/wp-json\/wp\/v2\/users\/3"}],"replies":[{"embeddable":true,"href":"http:\/\/flora-emslandia.de\/wildpflanzen-blog\/wp-json\/wp\/v2\/comments?post=1504"}],"version-history":[{"count":10,"href":"http:\/\/flora-emslandia.de\/wildpflanzen-blog\/wp-json\/wp\/v2\/posts\/1504\/revisions"}],"predecessor-version":[{"id":2076,"href":"http:\/\/flora-emslandia.de\/wildpflanzen-blog\/wp-json\/wp\/v2\/posts\/1504\/revisions\/2076"}],"wp:attachment":[{"href":"http:\/\/flora-emslandia.de\/wildpflanzen-blog\/wp-json\/wp\/v2\/media?parent=1504"}],"wp:term":[{"taxonomy":"category","embeddable":true,"href":"http:\/\/flora-emslandia.de\/wildpflanzen-blog\/wp-json\/wp\/v2\/categories?post=1504"},{"taxonomy":"post_tag","embeddable":true,"href":"http:\/\/flora-emslandia.de\/wildpflanzen-blog\/wp-json\/wp\/v2\/tags?post=1504"}],"curies":[{"name":"wp","href":"https:\/\/api.w.org\/{rel}","templated":true}]}}