{"id":1641,"date":"2013-06-05T01:07:41","date_gmt":"2013-06-04T23:07:41","guid":{"rendered":"http:\/\/flora-emslandia.de\/wildpflanzen-blog\/?p=1641"},"modified":"2015-07-30T13:21:25","modified_gmt":"2015-07-30T11:21:25","slug":"nachster-halt-leeehschede","status":"publish","type":"post","link":"http:\/\/flora-emslandia.de\/wildpflanzen-blog\/2013\/06\/05\/nachster-halt-leeehschede\/","title":{"rendered":"N\u00e4chster Halt: Leeehschede"},"content":{"rendered":"<p>Kennt ihr Leschede? Ich bis heute jedenfalls noch nicht, war aber bereits mehrmals mit dem Finger auf der Ems-Land-Karte dort und wollte der Siedlung, vielmehr seiner Pflanzenwelt, einen kleinen Besuch abstatten. Wie der Zufall es so wollte, traf ich meinen Herrn Vater samt Frau auf dem Weg zum Bahnhof Meppen, der mein schnodderig dahingeworfenes Leschede, mit kurzem \u201ee\u201c versteht sich, in ein breites Leeehschede korrigierte. Papa hatte Recht, die Zugansage, die es bereits zwei Stationen zuvor an Geeeehste ge\u00fcbt hatte, best\u00e4tigte das lange \u201eeeeeh\u201c.<!--more--><\/p>\n<p><script async src=\"\/\/pagead2.googlesyndication.com\/pagead\/js\/adsbygoogle.js\"><\/script><br \/>\n<!-- 1blog1.2 --><br \/>\n<ins class=\"adsbygoogle\"\n     style=\"display:inline-block;width:640px;height:90px\"\n     data-ad-client=\"ca-pub-5111369003353249\"\n     data-ad-slot=\"1908720896\"><\/ins><br \/>\n<script>\n(adsbygoogle = window.adsbygoogle || []).push({});\n<\/script><\/p>\n<p>Da war ich nun also in Leschede und inspizierte zun\u00e4chst einmal den Bahndamm. Gl\u00fccklicherweise konnte man sogar eine ziemlich lange Strecke an den Bahngleisen zur\u00fccklegen, wo sich so manche sch\u00f6ne, aber leider weniger seltene Ruderalpflanze finden lie\u00df. Doch nach ein paar Kilometern hatte ich Gl\u00fcck und fand zum ersten Mal in meinem Einzugsgebiet die Wald-Erdbeere (<i>Fragaria vesca<\/i>), leider noch ohne Fr\u00fcchte.<\/p>\n<p>Leschede ist ein Ortsteil von Emsb\u00fcren, und wo ich schon mal da war, machte ich noch einen Abstecher zum Ortskern. Dort war es sehr sch\u00f6n, und ich h\u00e4tte mich gerne irgendwo niedergelassen um ein Eis zu essen, doch leider war dort alles wie ausgestorben. Auf dem Weg zur\u00fcck zum Bahnhof entdeckte ich allerdings eine Pflanze, die alles andere als ausgestorben ist, denn sie befindet sich in st\u00e4ndiger Ausbreitung.<\/p>\n<div id=\"attachment_1642\" style=\"width: 650px\" class=\"wp-caption alignleft\"><a href=\"http:\/\/flora-emslandia.de\/wildpflanzen-blog\/wp-content\/uploads\/2013\/06\/Phytolacca.jpg\"><img loading=\"lazy\" decoding=\"async\" aria-describedby=\"caption-attachment-1642\" class=\"size-full wp-image-1642\" alt=\"Essbare Kermesbeere (Phytolacca esculenta)\" src=\"http:\/\/flora-emslandia.de\/wildpflanzen-blog\/wp-content\/uploads\/2013\/06\/Phytolacca.jpg\" width=\"640\" height=\"467\" srcset=\"http:\/\/flora-emslandia.de\/wildpflanzen-blog\/wp-content\/uploads\/2013\/06\/Phytolacca.jpg 640w, http:\/\/flora-emslandia.de\/wildpflanzen-blog\/wp-content\/uploads\/2013\/06\/Phytolacca-300x218.jpg 300w\" sizes=\"auto, (max-width: 640px) 100vw, 640px\" \/><\/a><p id=\"caption-attachment-1642\" class=\"wp-caption-text\">Essbare Kermesbeere (Phytolacca esculenta)<\/p><\/div>\n<p>Wer wie ich aufmerksam in Pflanzenforen mitliest und -schreibt kennt die Pflanze schon von vielen Fotos. Bereits vor 5 Jahren kamen die ersten Anfragen nach der Pflanze aus S\u00fcddeutschland, dann breitete sie sich immer weiter nach Norden aus und jetzt ist sie auch in den s\u00fcdlichen Landkreis Emsland vorgedrungen: Die Essbare Kermesbeere (<i>Phytolacca esculenta<\/i>).<\/p>\n<p>So essbar, wie der Name anmuten mag, ist sie allerdings nicht und in manchen Foren kann man sogar einen \u00fcbergebraten bekommen, wenn man ihren deutschen Namen nennt. Dass der botanische Artname <i>esculenta<\/i> dasselbe bedeutet, scheint aber keinen zu interessieren. Neben der exotischen Pflanze fand ich auch ein nicht weniger exotisches Stra\u00dfenschild:<\/p>\n<div id=\"attachment_1646\" style=\"width: 650px\" class=\"wp-caption alignleft\"><a href=\"http:\/\/flora-emslandia.de\/wildpflanzen-blog\/wp-content\/uploads\/2013\/06\/Kostverloren.jpg\"><img loading=\"lazy\" decoding=\"async\" aria-describedby=\"caption-attachment-1646\" class=\"size-full wp-image-1646\" alt=\"Befremdliches Stra\u00dfenschild\" src=\"http:\/\/flora-emslandia.de\/wildpflanzen-blog\/wp-content\/uploads\/2013\/06\/Kostverloren.jpg\" width=\"640\" height=\"358\" srcset=\"http:\/\/flora-emslandia.de\/wildpflanzen-blog\/wp-content\/uploads\/2013\/06\/Kostverloren.jpg 640w, http:\/\/flora-emslandia.de\/wildpflanzen-blog\/wp-content\/uploads\/2013\/06\/Kostverloren-300x167.jpg 300w\" sizes=\"auto, (max-width: 640px) 100vw, 640px\" \/><\/a><p id=\"caption-attachment-1646\" class=\"wp-caption-text\">Befremdliches Stra\u00dfenschild<\/p><\/div>\n<p>Wie kommt es zu so einem Stra\u00dfennamen? Hat dort fr\u00fcher vielleicht einmal jemand seine Kost verloren? Ich glaube nicht. Wahrscheinlich hat da einfach nur der Schilderschreiber Mist gebaut. Eigentlich h\u00e4tte er \u201eKostweg\u201c schreiben sollen, an <i>Kost<\/i> konnte er sich noch erinnern, aber das zweite Wort wollte ihm einfach nicht mehr einfallen. So schrieb er statt \u201eweg\u201c versehentlich \u201everloren\u201c. Aber wer kann es ihm ver\u00fcbeln: weg oder verloren, weg ist weg.<\/p>\n<p><script async src=\"\/\/pagead2.googlesyndication.com\/pagead\/js\/adsbygoogle.js\"><\/script><br \/>\n<!-- 1blog1.2 --><br \/>\n<ins class=\"adsbygoogle\"\n     style=\"display:inline-block;width:640px;height:90px\"\n     data-ad-client=\"ca-pub-5111369003353249\"\n     data-ad-slot=\"1908720896\"><\/ins><br \/>\n<script>\n(adsbygoogle = window.adsbygoogle || []).push({});\n<\/script><\/p>\n","protected":false},"excerpt":{"rendered":"<p>Kennt ihr Leschede? Ich bis heute jedenfalls noch nicht, war aber bereits mehrmals mit dem Finger auf der Ems-Land-Karte dort und wollte der Siedlung, vielmehr seiner Pflanzenwelt, einen kleinen Besuch abstatten. Wie der Zufall es so wollte, traf ich meinen &hellip; <a href=\"http:\/\/flora-emslandia.de\/wildpflanzen-blog\/2013\/06\/05\/nachster-halt-leeehschede\/\">Weiterlesen <span class=\"meta-nav\">&rarr;<\/span><\/a><\/p>\n","protected":false},"author":3,"featured_media":0,"comment_status":"open","ping_status":"closed","sticky":false,"template":"","format":"standard","meta":{"footnotes":""},"categories":[9],"tags":[],"class_list":["post-1641","post","type-post","status-publish","format-standard","hentry","category-wildpflanzen"],"_links":{"self":[{"href":"http:\/\/flora-emslandia.de\/wildpflanzen-blog\/wp-json\/wp\/v2\/posts\/1641","targetHints":{"allow":["GET"]}}],"collection":[{"href":"http:\/\/flora-emslandia.de\/wildpflanzen-blog\/wp-json\/wp\/v2\/posts"}],"about":[{"href":"http:\/\/flora-emslandia.de\/wildpflanzen-blog\/wp-json\/wp\/v2\/types\/post"}],"author":[{"embeddable":true,"href":"http:\/\/flora-emslandia.de\/wildpflanzen-blog\/wp-json\/wp\/v2\/users\/3"}],"replies":[{"embeddable":true,"href":"http:\/\/flora-emslandia.de\/wildpflanzen-blog\/wp-json\/wp\/v2\/comments?post=1641"}],"version-history":[{"count":17,"href":"http:\/\/flora-emslandia.de\/wildpflanzen-blog\/wp-json\/wp\/v2\/posts\/1641\/revisions"}],"predecessor-version":[{"id":2056,"href":"http:\/\/flora-emslandia.de\/wildpflanzen-blog\/wp-json\/wp\/v2\/posts\/1641\/revisions\/2056"}],"wp:attachment":[{"href":"http:\/\/flora-emslandia.de\/wildpflanzen-blog\/wp-json\/wp\/v2\/media?parent=1641"}],"wp:term":[{"taxonomy":"category","embeddable":true,"href":"http:\/\/flora-emslandia.de\/wildpflanzen-blog\/wp-json\/wp\/v2\/categories?post=1641"},{"taxonomy":"post_tag","embeddable":true,"href":"http:\/\/flora-emslandia.de\/wildpflanzen-blog\/wp-json\/wp\/v2\/tags?post=1641"}],"curies":[{"name":"wp","href":"https:\/\/api.w.org\/{rel}","templated":true}]}}